{"id":71,"date":"2018-02-18T10:14:11","date_gmt":"2018-02-18T08:14:11","guid":{"rendered":"https:\/\/www.teddybaer.cc\/?p=71"},"modified":"2018-03-02T11:15:06","modified_gmt":"2018-03-02T09:15:06","slug":"teddybaer-orangen-in-tirol","status":"publish","type":"post","link":"https:\/\/www.teddybaer.cc\/?p=71","title":{"rendered":"Teddyb\u00e4r Orangen in Tirol"},"content":{"rendered":"<p><strong>Teddyb\u00e4r Orangen in Tirol<\/strong><\/p>\n<p><a href=\"https:\/\/www.teddybaer.cc\/wp-content\/uploads\/2017\/02\/urteddy_ischia_wm.jpg\"><img loading=\"lazy\" decoding=\"async\" class=\"alignnone size-medium wp-image-73\" src=\"https:\/\/www.teddybaer.cc\/wp-content\/uploads\/2017\/02\/urteddy_ischia_wm-300x297.jpg\" alt=\"Teddyb\u00e4r Orangen in Tirol\" width=\"300\" height=\"297\" srcset=\"https:\/\/www.teddybaer.cc\/wp-content\/uploads\/2017\/02\/urteddy_ischia_wm-300x297.jpg 300w, https:\/\/www.teddybaer.cc\/wp-content\/uploads\/2017\/02\/urteddy_ischia_wm-150x150.jpg 150w, https:\/\/www.teddybaer.cc\/wp-content\/uploads\/2017\/02\/urteddy_ischia_wm-768x760.jpg 768w, https:\/\/www.teddybaer.cc\/wp-content\/uploads\/2017\/02\/urteddy_ischia_wm.jpg 1024w, https:\/\/www.teddybaer.cc\/wp-content\/uploads\/2017\/02\/urteddy_ischia_wm-303x300.jpg 303w\" sizes=\"auto, (max-width: 300px) 100vw, 300px\" \/><\/a><\/p>\n<p>In den 1960iger Jahren wurde die Marke Teddyb\u00e4r von Johann Ischia entwickelt, um Orangen besonderer Qualit\u00e4t damit auszuzeichnen.<\/p>\n<p>Sp\u00e4ter wurde die Teddyb\u00e4r Marke auf die beliebten Teddyb\u00e4r Erdn\u00fcsse \u00fcbertragen und hat heute in Zusammenhang mit den Erdn\u00fcssen eine hohe Bekanntheit.<\/p>\n<p>Wir haben jetzt Orangen gefunden, die es verdienen, die Marke Teddyb\u00e4r in einer Sonderedition zu tragen.<\/p>\n<p><a href=\"https:\/\/www.teddybaer.cc\/wp-content\/uploads\/2017\/02\/Teddyb\u00e4r_Orangen_170220.jpg\"><img loading=\"lazy\" decoding=\"async\" class=\"alignnone size-medium wp-image-83\" src=\"https:\/\/www.teddybaer.cc\/wp-content\/uploads\/2017\/02\/Teddyb\u00e4r_Orangen_170220-300x200.jpg\" alt=\"Teddyb\u00e4r Orangen in Tirol\" width=\"300\" height=\"200\" srcset=\"https:\/\/www.teddybaer.cc\/wp-content\/uploads\/2017\/02\/Teddyb\u00e4r_Orangen_170220-300x200.jpg 300w, https:\/\/www.teddybaer.cc\/wp-content\/uploads\/2017\/02\/Teddyb\u00e4r_Orangen_170220-768x512.jpg 768w, https:\/\/www.teddybaer.cc\/wp-content\/uploads\/2017\/02\/Teddyb\u00e4r_Orangen_170220.jpg 1024w, https:\/\/www.teddybaer.cc\/wp-content\/uploads\/2017\/02\/Teddyb\u00e4r_Orangen_170220-450x300.jpg 450w\" sizes=\"auto, (max-width: 300px) 100vw, 300px\" \/><\/a><\/p>\n<h1>Teddyb\u00e4r Orangen in Tirol<\/h1>\n<p>So schauen die Teddyb\u00e4r Orangen der Sorte Lane Late aus. Samstag noch in Spanien, ab heute Montag gibt es die Teddy\u00e4r Orangen in Tirol. So muss Frische sein.<\/p>\n<p><strong>Geschichte der Orange:<\/strong><\/p>\n<p>Die Orange l\u00e4sst sich in Europa nicht<strong> v<\/strong>or dem 15. Jahrhundert nachweisen \u2013 im Gegensatz zur \u00e4hnlichen <a title=\"Bitterorange\" href=\"https:\/\/de.wikipedia.org\/wiki\/Bitterorange\">Bitterorange<\/a>, die schon im Mittelalter auf dem Landwege bis nach Europa gekommen war. Auch wenn einzelne Hinweise auf s\u00fc\u00dfe Orangen schon f\u00fcr einen fr\u00fcheren Zeitpunkt vorliegen, scheint eine erhebliche Qualit\u00e4tssteigerung erst ab 1500 erfolgt zu sein, durch die Einf\u00fchrung besserer Sorten durch Portugiesen, die diese nach der Entdeckung des Seeweges nach Indien in Europa verbreiteten. So berichtet <a title=\"Vasco da Gama\" href=\"https:\/\/de.wikipedia.org\/wiki\/Vasco_da_Gama\">Vasco da Gama<\/a> 1498, er habe in <a title=\"Mombasa\" href=\"https:\/\/de.wikipedia.org\/wiki\/Mombasa\">Mombasa<\/a> sehr gute Orangen, viel besser als jene in Portugal zu dieser Zeit bekannte, gesehen.<sup id=\"cite_ref-12\" class=\"reference\"><a href=\"https:\/\/de.wikipedia.org\/wiki\/Orange_%28Frucht%29#cite_note-12\">[12]<\/a><\/sup> Die Verbindung von s\u00fc\u00dfen Orangen und Portugal, die sich in der Namensgebung in etlichen Sprachen niedergeschlagen hat, wurde eventuell durch die Erz\u00e4hlung gef\u00f6rdert, dass der eine, originale und urspr\u00fcnglich eingef\u00fchrte Baum noch Jahrhunderte in Lissabon gestanden habe.<sup id=\"cite_ref-13\" class=\"reference\"><a href=\"https:\/\/de.wikipedia.org\/wiki\/Orange_%28Frucht%29#cite_note-13\">[13]<\/a><\/sup><\/p>\n<p>Quelle: Wikipedia<\/p>\n<p><strong>Sorten:<\/strong><\/p>\n<p>Man unterteilt die Orangensorten in Bitterorangen (Pomeranzen) und vier Gruppen s\u00fc\u00dfer Orangensorten, die Blondorangen (auch: Rundorangen), die Navelorangen (auch: Nabelorangen), die pigmentierten Orangen (Blut- und Halbblutorangen) sowie die s\u00e4urefreien Orangen.<sup id=\"cite_ref-14\" class=\"reference\"><a href=\"https:\/\/de.wikipedia.org\/wiki\/Orange_%28Frucht%29#cite_note-14\">[14]<\/a><\/sup><\/p>\n<ul>\n<li><b>Blondorangen<\/b> (wichtigste Gruppe)\n<ul>\n<li>&#8218;Shamouti&#8216; (auch &#8218;<a title=\"Jaffa (Orange)\" href=\"https:\/\/de.wikipedia.org\/wiki\/Jaffa_%28Orange%29\">Jaffaorange<\/a>&#8218;), haupts\u00e4chlich in <a title=\"Israel\" href=\"https:\/\/de.wikipedia.org\/wiki\/Israel\">Israel<\/a> angebaut<\/li>\n<li>&#8218;Valencia&#8216; oder auch &#8218;Valencia Late&#8216; genannt, haupts\u00e4chlich im <a title=\"Mittelmeer\" href=\"https:\/\/de.wikipedia.org\/wiki\/Mittelmeer\">Mittelmeerraum<\/a>, <a title=\"S\u00fcdafrika\" href=\"https:\/\/de.wikipedia.org\/wiki\/S%C3%BCdafrika\">S\u00fcdafrika<\/a> und den <a class=\"mw-redirect\" title=\"USA\" href=\"https:\/\/de.wikipedia.org\/wiki\/USA\">USA<\/a> angebaut<\/li>\n<li>&#8218;Baladi&#8216;<\/li>\n<li>&#8218;Hamlin&#8216;<\/li>\n<li>&#8218;Hart&#8217;s Tardiff&#8216;<\/li>\n<\/ul>\n<\/li>\n<li><b>Navelorangen<\/b> (urspr\u00fcnglich in Brasilien beheimatet), auch <i>Bahia-Orangen<\/i> genannt. Ihr Merkmal ist eine Ausst\u00fclpung am Bl\u00fctenpol, wo sich \u2013 ausgehend von einem weiteren, kleineren <a title=\"Fruchtblatt\" href=\"https:\/\/de.wikipedia.org\/wiki\/Fruchtblatt\">Fruchtblattkreis<\/a> \u2013 eine zweite, meist unterentwickelte Tochterfrucht gebildet hat.\n<ul>\n<li>&#8218;Washington NewHal&#8216;, erkennbar durch die gro\u00dfen Ausst\u00fclpungen an der Spitze und oft riesige Fruchtgr\u00f6\u00dfe, meist deklariert als Navelina<\/li>\n<li>&#8218;CaraCara&#8216;, eine Selektion der &#8218;Bahia&#8216; mit rotem Fruchtfleisch (meist deklariert als Washington Sanguine)<\/li>\n<li>&#8218;Navelina&#8216;, eine spanische Selektion in allen Fruchtgr\u00f6\u00dfen fast ohne Tochterfrucht.<\/li>\n<li>&#8218;Salustiana&#8216;, kleinkalibrige Frucht mit d\u00fcnner Schale, bestens zum Pressen geeignet<\/li>\n<li>&#8218;Navelate&#8216;, eine sp\u00e4treifende spanische Selektion, sehr s\u00fc\u00df<\/li>\n<li>&#8218;NavelLaneLate&#8216;, vor der &#8218;Valencia Late&#8216; die sp\u00e4teste der Navel-Orangen<\/li>\n<\/ul>\n<\/li>\n<\/ul>\n<div class=\"thumb tright\"><\/div>\n<div class=\"thumb tright\">\n<div class=\"thumbinner\">\n<div class=\"thumbcaption\">Blutorangen<\/div>\n<\/div>\n<\/div>\n<ul>\n<li><b>Blutorangen<\/b> (wegen des tiefroten Fleisches, bei einigen Sorten auch der Schale). Die rote Fruchtfleischf\u00e4rbung wird durch <a class=\"mw-redirect\" title=\"Anthocyan\" href=\"https:\/\/de.wikipedia.org\/wiki\/Anthocyan\">Anthocyan<\/a> in den Pigmenten von Fruchtfleisch und Schale hervorgerufen und entsteht in trockenen Gebieten mit gro\u00dfen t\u00e4glichen Temperaturdifferenzen (<a title=\"Frost\" href=\"https:\/\/de.wikipedia.org\/wiki\/Frost\">Nachtfr\u00f6sten<\/a>).<sup id=\"cite_ref-15\" class=\"reference\"><a href=\"https:\/\/de.wikipedia.org\/wiki\/Orange_%28Frucht%29#cite_note-15\">[15]<\/a><\/sup> Die Moro-Orangen wachsen beispielsweise auf den H\u00e4ngen des <a title=\"Vulkan\" href=\"https:\/\/de.wikipedia.org\/wiki\/Vulkan\">Vulkans<\/a> <a title=\"\u00c4tna\" href=\"https:\/\/de.wikipedia.org\/wiki\/%C3%84tna\">\u00c4tna<\/a> auf <a title=\"Sizilien\" href=\"https:\/\/de.wikipedia.org\/wiki\/Sizilien\">Sizilien<\/a>.\n<ul>\n<li>&#8218;Sanguine&#8216; (Rundblut)<\/li>\n<li>&#8218;Double fine&#8216; (Blutoval)<\/li>\n<li>&#8218;Moro&#8216;<\/li>\n<li>&#8218;Tarocco&#8216;<\/li>\n<li>&#8218;Sanguinello&#8216;<\/li>\n<li>&#8218;Manica&#8216;<\/li>\n<\/ul>\n<\/li>\n<li>Die oft f\u00e4lschlicherweise als <b>S\u00e4urefreie Orangen<\/b> bezeichneten Zitrusfr\u00fcchte (u. a. beheimatet in Indien) sind fr\u00fchreife gr\u00fcn-, teils gelbschalige S\u00fc\u00dfe <a title=\"Limette\" href=\"https:\/\/de.wikipedia.org\/wiki\/Limette\">Limetten<\/a> (<i>Citrus Limetta<\/i>), die aufgrund ihres geringen S\u00e4uregehalts s\u00fc\u00dfer, aber weniger aromatisch sind. Geerntet wird diese Sorte im Sp\u00e4therbst bis Winter.\n<ul>\n<li>&#8218;Mosambi&#8216;<\/li>\n<\/ul>\n<\/li>\n<\/ul>\n<p>Quelle: Wikipedia<\/p>\n<h2><span id=\"Inhaltsstoffe\" class=\"mw-headline\">Inhaltsstoffe<\/span><\/h2>\n<p>100\u00a0g Orange enth\u00e4lt rund 50\u00a0mg <a class=\"mw-redirect\" title=\"Vitamin C\" href=\"https:\/\/de.wikipedia.org\/wiki\/Vitamin_C\">Vitamin\u00a0C<\/a>. Der empfohlene Tagesbedarf an Vitamin\u00a0C liegt laut Anlage\u00a01 der N\u00e4hrwertkennzeichnungsverordnung (NKV) bei 80\u00a0mg.<sup id=\"cite_ref-16\" class=\"reference\"><a href=\"https:\/\/de.wikipedia.org\/wiki\/Orange_%28Frucht%29#cite_note-16\">[16]<\/a><\/sup><\/p>\n<p>Die Schale von Orangen ist h\u00e4ufig mit <a title=\"Wachs\" href=\"https:\/\/de.wikipedia.org\/wiki\/Wachs\">Wachsen<\/a> behandelt, denen (au\u00dfer im <a class=\"mw-redirect\" title=\"\u00d6kolandbau\" href=\"https:\/\/de.wikipedia.org\/wiki\/%C3%96kolandbau\">\u00d6kolandbau<\/a>) meist Konservierungsstoffe wie <a title=\"Thiabendazol\" href=\"https:\/\/de.wikipedia.org\/wiki\/Thiabendazol\">Thiabendazol<\/a> (E\u00a0233), <a class=\"mw-redirect\" title=\"Orthophenylphenol\" href=\"https:\/\/de.wikipedia.org\/wiki\/Orthophenylphenol\">Orthophenylphenol<\/a> (E\u00a0231), <a class=\"mw-redirect\" title=\"Natriumorthophenylphenol\" href=\"https:\/\/de.wikipedia.org\/wiki\/Natriumorthophenylphenol\">Natriumorthophenylphenol<\/a> (E\u00a0232), <a title=\"Biphenyl\" href=\"https:\/\/de.wikipedia.org\/wiki\/Biphenyl\">Biphenyl<\/a> (E\u00a0230, in der EU nicht mehr erlaubt) und <a title=\"Imazalil\" href=\"https:\/\/de.wikipedia.org\/wiki\/Imazalil\">Imazalil<\/a> zugesetzt werden.<\/p>\n<p>Wichtige nat\u00fcrliche Aromastoffe im Orangensaft sind zum Beispiel <a title=\"Acetaldehyd\" href=\"https:\/\/de.wikipedia.org\/wiki\/Acetaldehyd\">Acetaldehyd<\/a>, <a title=\"Hexanal\" href=\"https:\/\/de.wikipedia.org\/wiki\/Hexanal\">Hexanal<\/a>, <a title=\"Octanal\" href=\"https:\/\/de.wikipedia.org\/wiki\/Octanal\">Octanal<\/a>, <a title=\"Nonanal\" href=\"https:\/\/de.wikipedia.org\/wiki\/Nonanal\">Nonanal<\/a>, <a title=\"Decanal\" href=\"https:\/\/de.wikipedia.org\/wiki\/Decanal\">Decanal<\/a>, <a class=\"mw-redirect\" title=\"Ethyl-2-methylbutyrat\" href=\"https:\/\/de.wikipedia.org\/wiki\/Ethyl-2-methylbutyrat\">Ethyl-2-methylbutyrat<\/a>, <a title=\"Limonen\" href=\"https:\/\/de.wikipedia.org\/wiki\/Limonen\">(<i>R<\/i>)-Limonen<\/a>, <a title=\"Myrcen\" href=\"https:\/\/de.wikipedia.org\/wiki\/Myrcen\">Myrcen<\/a> und <a class=\"mw-redirect\" title=\"Pinen\" href=\"https:\/\/de.wikipedia.org\/wiki\/Pinen\">(<i>R<\/i>)-\u03b1-Pinen<\/a>. Dabei schwankt die Zusammensetzung der Aromen je nach Orangensorte zum Teil stark. Dies trifft zum Beispiel auf <a class=\"mw-redirect\" title=\"Ethylacetat\" href=\"https:\/\/de.wikipedia.org\/wiki\/Ethylacetat\">Ethylacetat<\/a>, <a title=\"Propions\u00e4ureethylester\" href=\"https:\/\/de.wikipedia.org\/wiki\/Propions%C3%A4ureethylester\">Ethylpropanoat<\/a>, <a title=\"Linalool\" href=\"https:\/\/de.wikipedia.org\/wiki\/Linalool\">(<i>S<\/i>)-Linalool<\/a>, <a class=\"new\" title=\"Ethyl-2-methylpropanoat (Seite nicht vorhanden)\" href=\"https:\/\/de.wikipedia.org\/w\/index.php?title=Ethyl-2-methylpropanoat&amp;action=edit&amp;redlink=1\">Ethyl-2-methylpropanoat<\/a>, <a class=\"mw-disambig\" title=\"Pentenon\" href=\"https:\/\/de.wikipedia.org\/wiki\/Pentenon\">1-Penten-3-on<\/a>, <a class=\"mw-redirect\" title=\"Ethylbutanoat\" href=\"https:\/\/de.wikipedia.org\/wiki\/Ethylbutanoat\">Ethylbutanoat<\/a>, <a class=\"new\" title=\"3-Isopropyl-2-methoxy-pyrazin (Seite nicht vorhanden)\" href=\"https:\/\/de.wikipedia.org\/w\/index.php?title=3-Isopropyl-2-methoxy-pyrazin&amp;action=edit&amp;redlink=1\">3-Isopropyl-2-methoxy-pyrazin<\/a>, <a class=\"new\" title=\"Methyl-3-hydroxyhexanoat (Seite nicht vorhanden)\" href=\"https:\/\/de.wikipedia.org\/w\/index.php?title=Methyl-3-hydroxyhexanoat&amp;action=edit&amp;redlink=1\">(<i>R<\/i>)-Methyl-3-hydroxyhexanoat<\/a> sowie <a title=\"2-Methylbutters\u00e4ure\" href=\"https:\/\/de.wikipedia.org\/wiki\/2-Methylbutters%C3%A4ure\">2-<\/a> und <a class=\"mw-redirect\" title=\"3-Methylbutters\u00e4ure\" href=\"https:\/\/de.wikipedia.org\/wiki\/3-Methylbutters%C3%A4ure\">3-Methylbutters\u00e4ure<\/a> zu. Viele der <a title=\"Ester\" href=\"https:\/\/de.wikipedia.org\/wiki\/Ester\">Ester<\/a> kommen dabei nur im Orangensaft, nicht jedoch im Orangenschalen\u00f6l vor.<sup id=\"cite_ref-B.C3.BCttner_17-0\" class=\"reference\"><a href=\"https:\/\/de.wikipedia.org\/wiki\/Orange_%28Frucht%29#cite_note-B.C3.BCttner-17\">[17]<\/a><\/sup><\/p>\n<p>Quelle: Wikipedia<\/p>\n<p><strong>Teddyb\u00e4r Orangen in Tirol sind nach der Ernte unbehandelt<br \/>\n<\/strong><\/p>\n<p><strong> und es gibt sie exklusiv bei<\/strong><\/p>\n<p><a href=\"https:\/\/www.teddybaer.cc\/wp-content\/uploads\/2015\/12\/Ischia_Logo_2015.jpg\"><img loading=\"lazy\" decoding=\"async\" class=\"alignnone size-medium wp-image-46\" src=\"https:\/\/www.teddybaer.cc\/wp-content\/uploads\/2015\/12\/Ischia_Logo_2015-300x102.jpg\" alt=\"Teddyb\u00e4r Orangen in Tirol\" width=\"300\" height=\"102\" srcset=\"https:\/\/www.teddybaer.cc\/wp-content\/uploads\/2015\/12\/Ischia_Logo_2015-300x102.jpg 300w, https:\/\/www.teddybaer.cc\/wp-content\/uploads\/2015\/12\/Ischia_Logo_2015-500x169.jpg 500w, https:\/\/www.teddybaer.cc\/wp-content\/uploads\/2015\/12\/Ischia_Logo_2015.jpg 732w\" sizes=\"auto, (max-width: 300px) 100vw, 300px\" \/><\/a><\/p>\n<p>&nbsp;<\/p>\n<p>&nbsp;<\/p>\n<p>&nbsp;<\/p>\n<p>&nbsp;<\/p>\n<p>&nbsp;<\/p>\n<p>&nbsp;<\/p>\n","protected":false},"excerpt":{"rendered":"<p>Teddyb\u00e4r Orangen in Tirol In den 1960iger Jahren wurde die Marke Teddyb\u00e4r von Johann Ischia entwickelt, um Orangen besonderer Qualit\u00e4t damit auszuzeichnen. Sp\u00e4ter wurde die Teddyb\u00e4r Marke auf die beliebten Teddyb\u00e4r Erdn\u00fcsse \u00fcbertragen und hat heute in Zusammenhang mit den &hellip; <a href=\"https:\/\/www.teddybaer.cc\/?p=71\">Weiterlesen <span class=\"meta-nav\">&rarr;<\/span><\/a><\/p>\n","protected":false},"author":2,"featured_media":0,"comment_status":"closed","ping_status":"closed","sticky":false,"template":"","format":"standard","meta":{"footnotes":""},"categories":[1],"tags":[],"class_list":["post-71","post","type-post","status-publish","format-standard","hentry","category-allgemein"],"jetpack_featured_media_url":"","_links":{"self":[{"href":"https:\/\/www.teddybaer.cc\/index.php?rest_route=\/wp\/v2\/posts\/71","targetHints":{"allow":["GET"]}}],"collection":[{"href":"https:\/\/www.teddybaer.cc\/index.php?rest_route=\/wp\/v2\/posts"}],"about":[{"href":"https:\/\/www.teddybaer.cc\/index.php?rest_route=\/wp\/v2\/types\/post"}],"author":[{"embeddable":true,"href":"https:\/\/www.teddybaer.cc\/index.php?rest_route=\/wp\/v2\/users\/2"}],"replies":[{"embeddable":true,"href":"https:\/\/www.teddybaer.cc\/index.php?rest_route=%2Fwp%2Fv2%2Fcomments&post=71"}],"version-history":[{"count":8,"href":"https:\/\/www.teddybaer.cc\/index.php?rest_route=\/wp\/v2\/posts\/71\/revisions"}],"predecessor-version":[{"id":85,"href":"https:\/\/www.teddybaer.cc\/index.php?rest_route=\/wp\/v2\/posts\/71\/revisions\/85"}],"wp:attachment":[{"href":"https:\/\/www.teddybaer.cc\/index.php?rest_route=%2Fwp%2Fv2%2Fmedia&parent=71"}],"wp:term":[{"taxonomy":"category","embeddable":true,"href":"https:\/\/www.teddybaer.cc\/index.php?rest_route=%2Fwp%2Fv2%2Fcategories&post=71"},{"taxonomy":"post_tag","embeddable":true,"href":"https:\/\/www.teddybaer.cc\/index.php?rest_route=%2Fwp%2Fv2%2Ftags&post=71"}],"curies":[{"name":"wp","href":"https:\/\/api.w.org\/{rel}","templated":true}]}}